{"id":32484,"date":"2025-03-24T15:12:22","date_gmt":"2025-03-24T14:12:22","guid":{"rendered":"https:\/\/inbalcabiri.com\/vacation-apartments-in-madrid-guide-2025\/"},"modified":"2026-04-20T13:32:28","modified_gmt":"2026-04-20T12:32:28","slug":"vacation-rentals-in-madrid","status":"publish","type":"post","link":"https:\/\/inbalcabiri.com\/en\/vacation-rentals-in-madrid\/","title":{"rendered":"Vacation Rentals in Madrid &#8211; Guide 2026"},"content":{"rendered":"\t\t<div data-elementor-type=\"wp-post\" data-elementor-id=\"32484\" class=\"elementor elementor-32484 elementor-32027\" data-elementor-post-type=\"post\">\n\t\t\t\t\t\t<section class=\"elementor-section elementor-top-section elementor-element elementor-element-4537a973 elementor-section-boxed elementor-section-height-default elementor-section-height-default\" data-id=\"4537a973\" data-element_type=\"section\" data-e-type=\"section\" data-settings=\"{&quot;jet_parallax_layout_list&quot;:[]}\">\n\t\t\t\t\t\t<div class=\"elementor-container elementor-column-gap-default\">\n\t\t\t\t\t<div class=\"elementor-column elementor-col-100 elementor-top-column elementor-element elementor-element-14f4e0fa\" data-id=\"14f4e0fa\" data-element_type=\"column\" data-e-type=\"column\">\n\t\t\t<div class=\"elementor-widget-wrap elementor-element-populated\">\n\t\t\t\t\t\t<div class=\"elementor-element elementor-element-781c37d in elementor-widget elementor-widget-heading\" data-id=\"781c37d\" data-element_type=\"widget\" data-e-type=\"widget\" data-widget_type=\"heading.default\">\n\t\t\t\t<div class=\"elementor-widget-container\">\n\t\t\t\t\t<h2 class=\"elementor-heading-title elementor-size-default\">Vacation Rentals in Madrid<\/h2>\t\t\t\t<\/div>\n\t\t\t\t<\/div>\n\t\t\t\t<div class=\"elementor-element elementor-element-7ff654c4 elementor-widget elementor-widget-text-editor\" data-id=\"7ff654c4\" data-element_type=\"widget\" data-e-type=\"widget\" data-widget_type=\"text-editor.default\">\n\t\t\t\t<div class=\"elementor-widget-container\">\n\t\t\t\t\t\t\t\t\t<h3 data-start=\"94\" data-end=\"146\">3 Reasons to Rent a Vacation Apartment in Madrid<\/h3><p data-start=\"148\" data-end=\"586\"><strong data-start=\"148\" data-end=\"172\">1. Live Like a Local<\/strong><br data-start=\"172\" data-end=\"175\" \/>There\u2019s something special about waking up to the rhythm of Madrid \u2014 the sound of shutters opening, someone calling out \u201c\u00a1buenos d\u00edas!\u201d from the corner grocery, the smell of fresh coffee drifting through the kitchen. Renting an apartment isn\u2019t just about having a place to sleep \u2014 it\u2019s about slipping into the daily life of the city, feeling part of the neighborhood, and experiencing Madrid from the inside out.<\/p><p data-start=\"588\" data-end=\"913\"><strong data-start=\"588\" data-end=\"619\">2. More Space, More Freedom<\/strong><br data-start=\"619\" data-end=\"622\" \/>Forget squeezing suitcases around hotel beds. A vacation rental means a real kitchen for your market finds, a cozy living room to unwind in, and separate bedrooms \u2014 whether it\u2019s for the kids, a travel buddy, or simply some well-earned privacy. Want to cook dinner at home one night? You can.<\/p><p data-start=\"915\" data-end=\"1228\"><strong data-start=\"915\" data-end=\"953\">3. Stay Among Locals, Not Tourists<\/strong><br data-start=\"953\" data-end=\"956\" \/>Skip the crowds and stay in vibrant, authentic neighborhoods like Lavapi\u00e9s, with its street art and multicultural vibe; Malasa\u00f1a, with its vintage charm; or Chamber\u00ed, where life feels wonderfully local. In an apartment there, you&#8217;re not just a visitor \u2014 you&#8217;re a neighbor.<\/p><p data-start=\"1230\" data-end=\"1327\"><em data-start=\"1230\" data-end=\"1240\">Pro tip:<\/em> Always check what&#8217;s included in the apartment, and read recent reviews before booking.<\/p><p data-start=\"1329\" data-end=\"1426\">Here\u2019s my handpicked list of the best vacation apartments in Madrid \u2014 perfect for your next trip:<\/p>\t\t\t\t\t\t\t\t<\/div>\n\t\t\t\t<\/div>\n\t\t\t\t<div class=\"elementor-element elementor-element-7849ba2e elementor-toc--minimized-on-tablet elementor-widget elementor-widget-table-of-contents\" data-id=\"7849ba2e\" data-element_type=\"widget\" data-e-type=\"widget\" data-settings=\"{&quot;container&quot;:&quot;.in&quot;,&quot;exclude_headings_by_selector&quot;:[],&quot;no_headings_message&quot;:&quot;\\u05dc\\u05d0 \\u05e0\\u05de\\u05e6\\u05d0\\u05d5 \\u05db\\u05d5\\u05ea\\u05e8\\u05d5\\u05ea \\u05d1\\u05e2\\u05de\\u05d5\\u05d3 \\u05d6\\u05d4&quot;,&quot;headings_by_tags&quot;:[&quot;h2&quot;,&quot;h3&quot;,&quot;h4&quot;,&quot;h5&quot;,&quot;h6&quot;],&quot;marker_view&quot;:&quot;numbers&quot;,&quot;minimize_box&quot;:&quot;yes&quot;,&quot;minimized_on&quot;:&quot;tablet&quot;,&quot;hierarchical_view&quot;:&quot;yes&quot;,&quot;min_height&quot;:{&quot;unit&quot;:&quot;px&quot;,&quot;size&quot;:&quot;&quot;,&quot;sizes&quot;:[]},&quot;min_height_tablet&quot;:{&quot;unit&quot;:&quot;px&quot;,&quot;size&quot;:&quot;&quot;,&quot;sizes&quot;:[]},&quot;min_height_mobile&quot;:{&quot;unit&quot;:&quot;px&quot;,&quot;size&quot;:&quot;&quot;,&quot;sizes&quot;:[]}}\" data-widget_type=\"table-of-contents.default\">\n\t\t\t\t<div class=\"elementor-widget-container\">\n\t\t\t\t\t\t\t\t\t<div class=\"elementor-toc__header\">\n\t\t\t\t\t\t<h4 class=\"elementor-toc__header-title\">\n\t\t\t\tTable of Contents\t\t\t<\/h4>\n\t\t\t\t\t\t\t\t\t\t<div class=\"elementor-toc__toggle-button elementor-toc__toggle-button--expand\" role=\"button\" tabindex=\"0\" aria-controls=\"elementor-toc__7849ba2e\" aria-expanded=\"true\" aria-label=\"Open table of contents\"><i aria-hidden=\"true\" class=\"fas fa-chevron-down\"><\/i><\/div>\n\t\t\t\t<div class=\"elementor-toc__toggle-button elementor-toc__toggle-button--collapse\" role=\"button\" tabindex=\"0\" aria-controls=\"elementor-toc__7849ba2e\" aria-expanded=\"true\" aria-label=\"Close table of contents\"><i aria-hidden=\"true\" class=\"fas fa-chevron-up\"><\/i><\/div>\n\t\t\t\t\t<\/div>\n\t\t\t\t<div id=\"elementor-toc__7849ba2e\" class=\"elementor-toc__body\">\n\t\t\t<div class=\"elementor-toc__spinner-container\">\n\t\t\t\t<i class=\"elementor-toc__spinner eicon-animation-spin eicon-loading\" aria-hidden=\"true\"><\/i>\t\t\t<\/div>\n\t\t<\/div>\n\t\t\t\t\t\t<\/div>\n\t\t\t\t<\/div>\n\t\t\t\t\t<\/div>\n\t\t<\/div>\n\t\t\t\t\t<\/div>\n\t\t<\/section>\n\t\t\t\t<section class=\"elementor-section elementor-top-section elementor-element elementor-element-621ac1f elementor-section-boxed elementor-section-height-default elementor-section-height-default\" data-id=\"621ac1f\" data-element_type=\"section\" data-e-type=\"section\" data-settings=\"{&quot;jet_parallax_layout_list&quot;:[]}\">\n\t\t\t\t\t\t<div class=\"elementor-container elementor-column-gap-default\">\n\t\t\t\t\t<div class=\"elementor-column elementor-col-100 elementor-top-column elementor-element elementor-element-150d770e\" data-id=\"150d770e\" data-element_type=\"column\" data-e-type=\"column\">\n\t\t\t<div class=\"elementor-widget-wrap elementor-element-populated\">\n\t\t\t\t\t\t<div class=\"elementor-element elementor-element-1901a811 in elementor-widget elementor-widget-heading\" data-id=\"1901a811\" data-element_type=\"widget\" data-e-type=\"widget\" data-widget_type=\"heading.default\">\n\t\t\t\t<div class=\"elementor-widget-container\">\n\t\t\t\t\t<h2 class=\"elementor-heading-title elementor-size-default\"><a href=\"https:\/\/www.booking.com\/hotel\/es\/eric-vapkel-madrid-suites.en.html?aid=1552140&#038;no_rooms=1&#038;group_adults=2\" target=\"_blank\" rel=\"nofollow noopener\">Eric V\u00f6kel Boutique Apartments - Madrid Suites<\/a><\/h2>\t\t\t\t<\/div>\n\t\t\t\t<\/div>\n\t\t\t\t<div class=\"elementor-element elementor-element-7a98f32d elementor-widget elementor-widget-text-editor\" data-id=\"7a98f32d\" data-element_type=\"widget\" data-e-type=\"widget\" data-widget_type=\"text-editor.default\">\n\t\t\t\t<div class=\"elementor-widget-container\">\n\t\t\t\t\t\t\t\t\t<p class=\"\" data-start=\"37\" data-end=\"327\"><strong>Up to 6 guests<\/strong><\/p>\n<p> Elevator | Rooftop (in some apartments) | Uniquely designed furniture | City view | Balcony or terrace (in some apartments) | Air conditioning and heating | Fully equipped kitchen | Living room and dining area | Free internet | 24\/7 check-in and check-out | Reception open 09:00\u201317:00 | Central location near metro | Suitable for families | Lively Malasa\u00f1a neighborhood<\/p>\n<p class=\"\" data-start=\"329\" data-end=\"378\">\n\t\t\t\t\t\t\t\t<\/div>\n\t\t\t\t<\/div>\n\t\t\t\t<div class=\"elementor-element elementor-element-6bce9a4 elementor-widget elementor-widget-image\" data-id=\"6bce9a4\" data-element_type=\"widget\" data-e-type=\"widget\" data-widget_type=\"image.default\">\n\t\t\t\t<div class=\"elementor-widget-container\">\n\t\t\t\t\t\t\t\t\t\t\t\t\t\t\t<img fetchpriority=\"high\" decoding=\"async\" width=\"1024\" height=\"669\" src=\"https:\/\/inbalcabiri.com\/wp-content\/uploads\/2025\/03\/29041125-1024x669.jpg\" class=\"attachment-large size-large wp-image-32029\" alt=\"Eric V\u00f6kel Boutique Apartments - Madrid Suites\u200b\" srcset=\"https:\/\/inbalcabiri.com\/wp-content\/uploads\/2025\/03\/29041125-1024x669.jpg 1024w, https:\/\/inbalcabiri.com\/wp-content\/uploads\/2025\/03\/29041125-300x196.jpg 300w, https:\/\/inbalcabiri.com\/wp-content\/uploads\/2025\/03\/29041125-768x502.jpg 768w, https:\/\/inbalcabiri.com\/wp-content\/uploads\/2025\/03\/29041125-600x392.jpg 600w, https:\/\/inbalcabiri.com\/wp-content\/uploads\/2025\/03\/29041125.jpg 1280w\" sizes=\"(max-width: 1024px) 100vw, 1024px\" title=\"\">\t\t\t\t\t\t\t\t\t\t\t\t\t\t\t<\/div>\n\t\t\t\t<\/div>\n\t\t\t\t<div class=\"elementor-element elementor-element-7c42b23a elementor-align-center elementor-widget elementor-widget-button\" data-id=\"7c42b23a\" data-element_type=\"widget\" data-e-type=\"widget\" data-widget_type=\"button.default\">\n\t\t\t\t<div class=\"elementor-widget-container\">\n\t\t\t\t\t\t\t\t\t<div class=\"elementor-button-wrapper\">\n\t\t\t\t\t<a class=\"elementor-button elementor-button-link elementor-size-sm\" href=\"https:\/\/www.booking.com\/hotel\/es\/eric-vapkel-madrid-suites.en.html?aid=1552140&#038;no_rooms=1&#038;group_adults=2\" target=\"_blank\" rel=\"nofollow noopener\">\n\t\t\t\t\t\t<span class=\"elementor-button-content-wrapper\">\n\t\t\t\t\t\t\t\t\t<span class=\"elementor-button-text\">All the details are here<\/span>\n\t\t\t\t\t<\/span>\n\t\t\t\t\t<\/a>\n\t\t\t\t<\/div>\n\t\t\t\t\t\t\t\t<\/div>\n\t\t\t\t<\/div>\n\t\t\t\t<div class=\"elementor-element elementor-element-14406e10 elementor-widget-divider--view-line elementor-widget elementor-widget-divider\" data-id=\"14406e10\" data-element_type=\"widget\" data-e-type=\"widget\" data-widget_type=\"divider.default\">\n\t\t\t\t<div class=\"elementor-widget-container\">\n\t\t\t\t\t\t\t<div class=\"elementor-divider\">\n\t\t\t<span class=\"elementor-divider-separator\">\n\t\t\t\t\t\t<\/span>\n\t\t<\/div>\n\t\t\t\t\t\t<\/div>\n\t\t\t\t<\/div>\n\t\t\t\t\t<\/div>\n\t\t<\/div>\n\t\t\t\t\t<\/div>\n\t\t<\/section>\n\t\t\t\t<section class=\"elementor-section elementor-top-section elementor-element elementor-element-4e0a8799 elementor-section-boxed elementor-section-height-default elementor-section-height-default\" data-id=\"4e0a8799\" data-element_type=\"section\" data-e-type=\"section\" data-settings=\"{&quot;jet_parallax_layout_list&quot;:[]}\">\n\t\t\t\t\t\t<div class=\"elementor-container elementor-column-gap-default\">\n\t\t\t\t\t<div class=\"elementor-column elementor-col-100 elementor-top-column elementor-element elementor-element-6518a830\" data-id=\"6518a830\" data-element_type=\"column\" data-e-type=\"column\">\n\t\t\t<div class=\"elementor-widget-wrap elementor-element-populated\">\n\t\t\t\t\t\t<div class=\"elementor-element elementor-element-3eab205a in elementor-widget elementor-widget-heading\" data-id=\"3eab205a\" data-element_type=\"widget\" data-e-type=\"widget\" data-widget_type=\"heading.default\">\n\t\t\t\t<div class=\"elementor-widget-container\">\n\t\t\t\t\t<h2 class=\"elementor-heading-title elementor-size-default\"><a href=\"https:\/\/www.booking.com\/hotel\/es\/for-you-apartments-madrid.en.html?aid=1552140&#038;no_rooms=1&#038;group_adults=2\" target=\"_blank\" rel=\"noopener\">U-Sense Madrid Santa Ana\n<\/a><\/h2>\t\t\t\t<\/div>\n\t\t\t\t<\/div>\n\t\t\t\t<div class=\"elementor-element elementor-element-7e1825ba elementor-widget elementor-widget-text-editor\" data-id=\"7e1825ba\" data-element_type=\"widget\" data-e-type=\"widget\" data-widget_type=\"text-editor.default\">\n\t\t\t\t<div class=\"elementor-widget-container\">\n\t\t\t\t\t\t\t\t\t<p class=\"\" data-start=\"60\" data-end=\"469\"><strong>Up to 4 guests<\/strong><\/p>\n<p> Elevator | 2 bedrooms | 2 bathrooms | Very central location \u2013 Plaza Santa Ana | <strong data-start=\"153\" data-end=\"177\">Barrio de las Letras<\/strong> (the literary heart of Madrid) | Fully equipped kitchenette including dishwasher, microwave and coffee machine | Living room and dining area | Balcony with city view (in some apartments) | Free internet | Air conditioning and heating | Washing machine | Digital reception \u2013 private check-in and check-out | Paid parking | 24\/7 security | Family friendly | Disabled access | Rating 9.8 among families<\/p>\n<p class=\"\" data-start=\"471\" data-end=\"535\">\n\t\t\t\t\t\t\t\t<\/div>\n\t\t\t\t<\/div>\n\t\t\t\t<div class=\"elementor-element elementor-element-87f2ddf elementor-widget elementor-widget-image\" data-id=\"87f2ddf\" data-element_type=\"widget\" data-e-type=\"widget\" data-widget_type=\"image.default\">\n\t\t\t\t<div class=\"elementor-widget-container\">\n\t\t\t\t\t\t\t\t\t\t\t\t\t\t\t\t<a href=\"https:\/\/www.booking.com\/hotel\/es\/for-you-apartments-madrid.en.html?aid=1552140&#038;no_rooms=1&#038;group_adults=2\" target=\"_blank\" rel=\"nofollow noopener\">\n\t\t\t\t\t\t\t<img decoding=\"async\" width=\"1024\" height=\"682\" src=\"https:\/\/inbalcabiri.com\/wp-content\/uploads\/2025\/03\/371920667-1024x682.jpg\" class=\"attachment-large size-large wp-image-32031\" alt=\"U-Sense Madrid Santa Ana\" srcset=\"https:\/\/inbalcabiri.com\/wp-content\/uploads\/2025\/03\/371920667-1024x682.jpg 1024w, https:\/\/inbalcabiri.com\/wp-content\/uploads\/2025\/03\/371920667-300x200.jpg 300w, https:\/\/inbalcabiri.com\/wp-content\/uploads\/2025\/03\/371920667-768x512.jpg 768w, https:\/\/inbalcabiri.com\/wp-content\/uploads\/2025\/03\/371920667-600x400.jpg 600w, https:\/\/inbalcabiri.com\/wp-content\/uploads\/2025\/03\/371920667.jpg 1280w\" sizes=\"(max-width: 1024px) 100vw, 1024px\" title=\"\">\t\t\t\t\t\t\t\t<\/a>\n\t\t\t\t\t\t\t\t\t\t\t\t\t\t\t<\/div>\n\t\t\t\t<\/div>\n\t\t\t\t<div class=\"elementor-element elementor-element-2622b72c elementor-align-center elementor-widget elementor-widget-button\" data-id=\"2622b72c\" data-element_type=\"widget\" data-e-type=\"widget\" data-widget_type=\"button.default\">\n\t\t\t\t<div class=\"elementor-widget-container\">\n\t\t\t\t\t\t\t\t\t<div class=\"elementor-button-wrapper\">\n\t\t\t\t\t<a class=\"elementor-button elementor-button-link elementor-size-sm\" href=\"https:\/\/www.booking.com\/hotel\/es\/for-you-apartments-madrid.en.html?aid=1552140&#038;no_rooms=1&#038;group_adults=2\" target=\"_blank\" rel=\"nofollow noopener\">\n\t\t\t\t\t\t<span class=\"elementor-button-content-wrapper\">\n\t\t\t\t\t\t\t\t\t<span class=\"elementor-button-text\">All the details are here<\/span>\n\t\t\t\t\t<\/span>\n\t\t\t\t\t<\/a>\n\t\t\t\t<\/div>\n\t\t\t\t\t\t\t\t<\/div>\n\t\t\t\t<\/div>\n\t\t\t\t<div class=\"elementor-element elementor-element-593f395d elementor-widget-divider--view-line elementor-widget elementor-widget-divider\" data-id=\"593f395d\" data-element_type=\"widget\" data-e-type=\"widget\" data-widget_type=\"divider.default\">\n\t\t\t\t<div class=\"elementor-widget-container\">\n\t\t\t\t\t\t\t<div class=\"elementor-divider\">\n\t\t\t<span class=\"elementor-divider-separator\">\n\t\t\t\t\t\t<\/span>\n\t\t<\/div>\n\t\t\t\t\t\t<\/div>\n\t\t\t\t<\/div>\n\t\t\t\t\t<\/div>\n\t\t<\/div>\n\t\t\t\t\t<\/div>\n\t\t<\/section>\n\t\t\t\t<section class=\"elementor-section elementor-top-section elementor-element elementor-element-14e15bc6 elementor-section-boxed elementor-section-height-default elementor-section-height-default\" data-id=\"14e15bc6\" data-element_type=\"section\" data-e-type=\"section\" data-settings=\"{&quot;jet_parallax_layout_list&quot;:[]}\">\n\t\t\t\t\t\t<div class=\"elementor-container elementor-column-gap-default\">\n\t\t\t\t\t<div class=\"elementor-column elementor-col-100 elementor-top-column elementor-element elementor-element-4c09aae5\" data-id=\"4c09aae5\" data-element_type=\"column\" data-e-type=\"column\">\n\t\t\t<div class=\"elementor-widget-wrap elementor-element-populated\">\n\t\t\t\t\t\t<div class=\"elementor-element elementor-element-3fa61bea in elementor-widget elementor-widget-heading\" data-id=\"3fa61bea\" data-element_type=\"widget\" data-e-type=\"widget\" data-widget_type=\"heading.default\">\n\t\t\t\t<div class=\"elementor-widget-container\">\n\t\t\t\t\t<h2 class=\"elementor-heading-title elementor-size-default\"><a href=\"https:\/\/www.booking.com\/hotel\/es\/be-mate-blasco-de-garay.en.html?aid=1552140&#038;no_rooms=1&#038;group_adults=2\" target=\"_blank\" rel=\"nofollow noopener\">Be Mate Blasco de Garay\n<\/a><\/h2>\t\t\t\t<\/div>\n\t\t\t\t<\/div>\n\t\t\t\t<div class=\"elementor-element elementor-element-129b1f05 elementor-widget elementor-widget-text-editor\" data-id=\"129b1f05\" data-element_type=\"widget\" data-e-type=\"widget\" data-widget_type=\"text-editor.default\">\n\t\t\t\t<div class=\"elementor-widget-container\">\n\t\t\t\t\t\t\t\t\t<p class=\"\" data-start=\"79\" data-end=\"435\"><strong>A variety of apartments, 2-9 guests<\/strong><\/p>\n<p>Elevator | Bright and cozy apartment | Sofa bed | Spacious bedroom | Equipped kitchenette | Washing machine | Free Wi-Fi | Air conditioning | Heating | Private bathroom | Sun terrace | Work area | Private entrance | Express check-in and check-out available | Terrace with garden furniture | Furnished living room | Parquet floor | Excellent location in the <strong data-start=\"376\" data-end=\"388\">Chamber\u00ed<\/strong> neighborhood | 450 meters from Arguelles metro station | Suitable for families2-9<\/p>\n<p class=\"\" data-start=\"437\" data-end=\"499\">\n\t\t\t\t\t\t\t\t<\/div>\n\t\t\t\t<\/div>\n\t\t\t\t<div class=\"elementor-element elementor-element-bacdf8a elementor-widget elementor-widget-image\" data-id=\"bacdf8a\" data-element_type=\"widget\" data-e-type=\"widget\" data-widget_type=\"image.default\">\n\t\t\t\t<div class=\"elementor-widget-container\">\n\t\t\t\t\t\t\t\t\t\t\t\t\t\t\t<img decoding=\"async\" width=\"1024\" height=\"683\" src=\"https:\/\/inbalcabiri.com\/wp-content\/uploads\/2025\/03\/524913124.jpg\" class=\"attachment-large size-large wp-image-32033\" alt=\"Be Mate Blasco de Garay\" srcset=\"https:\/\/inbalcabiri.com\/wp-content\/uploads\/2025\/03\/524913124.jpg 1024w, https:\/\/inbalcabiri.com\/wp-content\/uploads\/2025\/03\/524913124-300x200.jpg 300w, https:\/\/inbalcabiri.com\/wp-content\/uploads\/2025\/03\/524913124-768x512.jpg 768w, https:\/\/inbalcabiri.com\/wp-content\/uploads\/2025\/03\/524913124-600x400.jpg 600w\" sizes=\"(max-width: 1024px) 100vw, 1024px\" title=\"\">\t\t\t\t\t\t\t\t\t\t\t\t\t\t\t<\/div>\n\t\t\t\t<\/div>\n\t\t\t\t<div class=\"elementor-element elementor-element-157d6bd elementor-align-center elementor-widget elementor-widget-button\" data-id=\"157d6bd\" data-element_type=\"widget\" data-e-type=\"widget\" data-widget_type=\"button.default\">\n\t\t\t\t<div class=\"elementor-widget-container\">\n\t\t\t\t\t\t\t\t\t<div class=\"elementor-button-wrapper\">\n\t\t\t\t\t<a class=\"elementor-button elementor-button-link elementor-size-sm\" href=\"https:\/\/www.booking.com\/hotel\/es\/be-mate-blasco-de-garay.en.html?aid=1552140&#038;no_rooms=1&#038;group_adults=2\" target=\"_blank\" rel=\"noopener\">\n\t\t\t\t\t\t<span class=\"elementor-button-content-wrapper\">\n\t\t\t\t\t\t\t\t\t<span class=\"elementor-button-text\">All the details are here<\/span>\n\t\t\t\t\t<\/span>\n\t\t\t\t\t<\/a>\n\t\t\t\t<\/div>\n\t\t\t\t\t\t\t\t<\/div>\n\t\t\t\t<\/div>\n\t\t\t\t<div class=\"elementor-element elementor-element-3c69f816 elementor-widget-divider--view-line elementor-widget elementor-widget-divider\" data-id=\"3c69f816\" data-element_type=\"widget\" data-e-type=\"widget\" data-widget_type=\"divider.default\">\n\t\t\t\t<div class=\"elementor-widget-container\">\n\t\t\t\t\t\t\t<div class=\"elementor-divider\">\n\t\t\t<span class=\"elementor-divider-separator\">\n\t\t\t\t\t\t<\/span>\n\t\t<\/div>\n\t\t\t\t\t\t<\/div>\n\t\t\t\t<\/div>\n\t\t\t\t\t<\/div>\n\t\t<\/div>\n\t\t\t\t\t<\/div>\n\t\t<\/section>\n\t\t\t\t<section class=\"elementor-section elementor-top-section elementor-element elementor-element-33592910 elementor-section-boxed elementor-section-height-default elementor-section-height-default\" data-id=\"33592910\" data-element_type=\"section\" data-e-type=\"section\" data-settings=\"{&quot;jet_parallax_layout_list&quot;:[]}\">\n\t\t\t\t\t\t<div class=\"elementor-container elementor-column-gap-default\">\n\t\t\t\t\t<div class=\"elementor-column elementor-col-100 elementor-top-column elementor-element elementor-element-64b0a15a\" data-id=\"64b0a15a\" data-element_type=\"column\" data-e-type=\"column\">\n\t\t\t<div class=\"elementor-widget-wrap elementor-element-populated\">\n\t\t\t\t\t\t<div class=\"elementor-element elementor-element-c2bb56e in elementor-widget elementor-widget-heading\" data-id=\"c2bb56e\" data-element_type=\"widget\" data-e-type=\"widget\" data-widget_type=\"heading.default\">\n\t\t\t\t<div class=\"elementor-widget-container\">\n\t\t\t\t\t<h2 class=\"elementor-heading-title elementor-size-default\"><a href=\"https:\/\/www.booking.com\/hotel\/es\/reddoor-plaza-mayor.en.html?aid=1552140&#038;no_rooms=1&#038;group_adults=2\" target=\"_blank\" rel=\"nofollow noopener\">Aspasios Calle Mayor Apartments\n<\/a><\/h2>\t\t\t\t<\/div>\n\t\t\t\t<\/div>\n\t\t\t\t<div class=\"elementor-element elementor-element-108728d0 elementor-widget elementor-widget-text-editor\" data-id=\"108728d0\" data-element_type=\"widget\" data-e-type=\"widget\" data-widget_type=\"text-editor.default\">\n\t\t\t\t<div class=\"elementor-widget-container\">\n\t\t\t\t\t\t\t\t\t<div class=\"x1e56ztr\">\n<p data-start=\"92\" data-end=\"508\"><strong>Up to 8 guests<\/strong><\/p>\n<p class=\"\" data-start=\"92\" data-end=\"508\">Elevator | Bright apartments and suites with modern rustic design | Air conditioning | Free Wi-Fi | Fully equipped kitchen or kitchenette | Living room with flat-screen TV | Bathroom with shower and toiletries | Excellent location 200 meters from \u00d3pera metro station | In the historic heart of Madrid | Opposite Plaza Mayor | 10 minutes walk from the Royal Palace | 5 minutes from Puerta del Sol | Classic <strong data-start=\"430\" data-end=\"447\">Madrid Centro<\/strong> neighborhood | Especially suitable for families | Location score: 9.9 among families<\/p>\n<p class=\"\" data-start=\"510\" data-end=\"572\">\n<\/div>\n\t\t\t\t\t\t\t\t<\/div>\n\t\t\t\t<\/div>\n\t\t\t\t<div class=\"elementor-element elementor-element-ecb9c87 elementor-widget elementor-widget-image\" data-id=\"ecb9c87\" data-element_type=\"widget\" data-e-type=\"widget\" data-widget_type=\"image.default\">\n\t\t\t\t<div class=\"elementor-widget-container\">\n\t\t\t\t\t\t\t\t\t\t\t\t\t\t\t\t<a href=\"https:\/\/www.booking.com\/hotel\/es\/reddoor-plaza-mayor.en.html?aid=1552140&#038;no_rooms=1&#038;group_adults=2\" target=\"_blank\" rel=\"nofollow noopener\">\n\t\t\t\t\t\t\t<img loading=\"lazy\" decoding=\"async\" width=\"1024\" height=\"683\" src=\"https:\/\/inbalcabiri.com\/wp-content\/uploads\/2025\/03\/292974710-1.jpg\" class=\"attachment-large size-large wp-image-32035\" alt=\"Aspasios Calle Mayor Apartments\" srcset=\"https:\/\/inbalcabiri.com\/wp-content\/uploads\/2025\/03\/292974710-1.jpg 1024w, https:\/\/inbalcabiri.com\/wp-content\/uploads\/2025\/03\/292974710-1-300x200.jpg 300w, https:\/\/inbalcabiri.com\/wp-content\/uploads\/2025\/03\/292974710-1-768x512.jpg 768w, https:\/\/inbalcabiri.com\/wp-content\/uploads\/2025\/03\/292974710-1-600x400.jpg 600w\" sizes=\"(max-width: 1024px) 100vw, 1024px\" title=\"\">\t\t\t\t\t\t\t\t<\/a>\n\t\t\t\t\t\t\t\t\t\t\t\t\t\t\t<\/div>\n\t\t\t\t<\/div>\n\t\t\t\t<div class=\"elementor-element elementor-element-6b66a011 elementor-align-center elementor-widget elementor-widget-button\" data-id=\"6b66a011\" data-element_type=\"widget\" data-e-type=\"widget\" data-widget_type=\"button.default\">\n\t\t\t\t<div class=\"elementor-widget-container\">\n\t\t\t\t\t\t\t\t\t<div class=\"elementor-button-wrapper\">\n\t\t\t\t\t<a class=\"elementor-button elementor-button-link elementor-size-sm\" href=\"https:\/\/www.booking.com\/hotel\/es\/reddoor-plaza-mayor.en.html?aid=1552140&#038;no_rooms=1&#038;group_adults=2\" target=\"_blank\" rel=\"nofollow noopener\">\n\t\t\t\t\t\t<span class=\"elementor-button-content-wrapper\">\n\t\t\t\t\t\t\t\t\t<span class=\"elementor-button-text\">All the details are here<\/span>\n\t\t\t\t\t<\/span>\n\t\t\t\t\t<\/a>\n\t\t\t\t<\/div>\n\t\t\t\t\t\t\t\t<\/div>\n\t\t\t\t<\/div>\n\t\t\t\t<div class=\"elementor-element elementor-element-302f0f01 elementor-widget-divider--view-line elementor-widget elementor-widget-divider\" data-id=\"302f0f01\" data-element_type=\"widget\" data-e-type=\"widget\" data-widget_type=\"divider.default\">\n\t\t\t\t<div class=\"elementor-widget-container\">\n\t\t\t\t\t\t\t<div class=\"elementor-divider\">\n\t\t\t<span class=\"elementor-divider-separator\">\n\t\t\t\t\t\t<\/span>\n\t\t<\/div>\n\t\t\t\t\t\t<\/div>\n\t\t\t\t<\/div>\n\t\t\t\t\t<\/div>\n\t\t<\/div>\n\t\t\t\t\t<\/div>\n\t\t<\/section>\n\t\t\t\t<section class=\"elementor-section elementor-top-section elementor-element elementor-element-325aef98 elementor-section-boxed elementor-section-height-default elementor-section-height-default\" data-id=\"325aef98\" data-element_type=\"section\" data-e-type=\"section\" data-settings=\"{&quot;jet_parallax_layout_list&quot;:[]}\">\n\t\t\t\t\t\t<div class=\"elementor-container elementor-column-gap-default\">\n\t\t\t\t\t<div class=\"elementor-column elementor-col-100 elementor-top-column elementor-element elementor-element-73a142b2\" data-id=\"73a142b2\" data-element_type=\"column\" data-e-type=\"column\">\n\t\t\t<div class=\"elementor-widget-wrap elementor-element-populated\">\n\t\t\t\t\t\t<div class=\"elementor-element elementor-element-160a354e in elementor-widget elementor-widget-heading\" data-id=\"160a354e\" data-element_type=\"widget\" data-e-type=\"widget\" data-widget_type=\"heading.default\">\n\t\t\t\t<div class=\"elementor-widget-container\">\n\t\t\t\t\t<h2 class=\"elementor-heading-title elementor-size-default\"><a href=\"https:\/\/www.booking.com\/hotel\/es\/60-balconies-recoletos.en.html?aid=1552140&#038;no_rooms=1&#038;group_adults=2\" target=\"_blank\" rel=\"noopener\">60 Balcony Design\n<\/a><\/h2>\t\t\t\t<\/div>\n\t\t\t\t<\/div>\n\t\t\t\t<div class=\"elementor-element elementor-element-5ff0d7b2 elementor-widget elementor-widget-text-editor\" data-id=\"5ff0d7b2\" data-element_type=\"widget\" data-e-type=\"widget\" data-widget_type=\"text-editor.default\">\n\t\t\t\t<div class=\"elementor-widget-container\">\n\t\t\t\t\t\t\t\t\t<p class=\"\" data-start=\"67\" data-end=\"585\"><strong>Up to 5 guests  <\/strong><\/p>\n<p>Elevator | Spacious and well-designed apartments | Air conditioning | Heating (including heated floors!) | Free Wi-Fi | Fully equipped kitchenette with dishwasher, oven, toaster and coffee machine | Flat-screen TV | Private bathroom with bidet | Daily cleaning included | Reception services | Airport shuttle (surcharge) | Disabled access | Non-smoking rooms | Washing machine | Quiet and central location | 200 m from Recoletos station | Walking distance from the Prado National Museum, Puerta del Sol and Gran V\u00eda | <strong data-start=\"497\" data-end=\"518\">Justicia \/ Chueca<\/strong> neighborhood \u2013 trendy, central, and close to everything | Location score 9.8 among families<\/p>\n<p class=\"\" data-start=\"587\" data-end=\"631\">\n\t\t\t\t\t\t\t\t<\/div>\n\t\t\t\t<\/div>\n\t\t\t\t<div class=\"elementor-element elementor-element-55088a4 elementor-widget elementor-widget-image\" data-id=\"55088a4\" data-element_type=\"widget\" data-e-type=\"widget\" data-widget_type=\"image.default\">\n\t\t\t\t<div class=\"elementor-widget-container\">\n\t\t\t\t\t\t\t\t\t\t\t\t\t\t\t\t<a href=\"https:\/\/www.booking.com\/hotel\/es\/60-balconies-recoletos.en.html?aid=1552140&#038;no_rooms=1&#038;group_adults=2\" target=\"_blank\" rel=\"nofollow noopener\">\n\t\t\t\t\t\t\t<img loading=\"lazy\" decoding=\"async\" width=\"1024\" height=\"683\" src=\"https:\/\/inbalcabiri.com\/wp-content\/uploads\/2025\/03\/81088495.jpg\" class=\"attachment-large size-large wp-image-32040\" alt=\"60 Balconies Design\" srcset=\"https:\/\/inbalcabiri.com\/wp-content\/uploads\/2025\/03\/81088495.jpg 1024w, https:\/\/inbalcabiri.com\/wp-content\/uploads\/2025\/03\/81088495-300x200.jpg 300w, https:\/\/inbalcabiri.com\/wp-content\/uploads\/2025\/03\/81088495-768x512.jpg 768w, https:\/\/inbalcabiri.com\/wp-content\/uploads\/2025\/03\/81088495-600x400.jpg 600w\" sizes=\"(max-width: 1024px) 100vw, 1024px\" title=\"\">\t\t\t\t\t\t\t\t<\/a>\n\t\t\t\t\t\t\t\t\t\t\t\t\t\t\t<\/div>\n\t\t\t\t<\/div>\n\t\t\t\t<div class=\"elementor-element elementor-element-77544cc1 elementor-align-center elementor-widget elementor-widget-button\" data-id=\"77544cc1\" data-element_type=\"widget\" data-e-type=\"widget\" data-widget_type=\"button.default\">\n\t\t\t\t<div class=\"elementor-widget-container\">\n\t\t\t\t\t\t\t\t\t<div class=\"elementor-button-wrapper\">\n\t\t\t\t\t<a class=\"elementor-button elementor-button-link elementor-size-sm\" href=\"https:\/\/www.booking.com\/hotel\/es\/60-balconies-recoletos.en.html?aid=1552140&#038;no_rooms=1&#038;group_adults=2\" target=\"_blank\" rel=\"noopener\">\n\t\t\t\t\t\t<span class=\"elementor-button-content-wrapper\">\n\t\t\t\t\t\t\t\t\t<span class=\"elementor-button-text\">All the details are here<\/span>\n\t\t\t\t\t<\/span>\n\t\t\t\t\t<\/a>\n\t\t\t\t<\/div>\n\t\t\t\t\t\t\t\t<\/div>\n\t\t\t\t<\/div>\n\t\t\t\t<div class=\"elementor-element elementor-element-54f6c319 elementor-widget-divider--view-line elementor-widget elementor-widget-divider\" data-id=\"54f6c319\" data-element_type=\"widget\" data-e-type=\"widget\" data-widget_type=\"divider.default\">\n\t\t\t\t<div class=\"elementor-widget-container\">\n\t\t\t\t\t\t\t<div class=\"elementor-divider\">\n\t\t\t<span class=\"elementor-divider-separator\">\n\t\t\t\t\t\t<\/span>\n\t\t<\/div>\n\t\t\t\t\t\t<\/div>\n\t\t\t\t<\/div>\n\t\t\t\t\t<\/div>\n\t\t<\/div>\n\t\t\t\t\t<\/div>\n\t\t<\/section>\n\t\t\t\t<section class=\"elementor-section elementor-top-section elementor-element elementor-element-65978f9a elementor-section-boxed elementor-section-height-default elementor-section-height-default\" data-id=\"65978f9a\" data-element_type=\"section\" data-e-type=\"section\" data-settings=\"{&quot;jet_parallax_layout_list&quot;:[]}\">\n\t\t\t\t\t\t<div class=\"elementor-container elementor-column-gap-default\">\n\t\t\t\t\t<div class=\"elementor-column elementor-col-100 elementor-top-column elementor-element elementor-element-780f3c04\" data-id=\"780f3c04\" data-element_type=\"column\" data-e-type=\"column\">\n\t\t\t<div class=\"elementor-widget-wrap elementor-element-populated\">\n\t\t\t\t\t\t<div class=\"elementor-element elementor-element-3f11c23e in elementor-widget elementor-widget-heading\" data-id=\"3f11c23e\" data-element_type=\"widget\" data-e-type=\"widget\" data-widget_type=\"heading.default\">\n\t\t\t\t<div class=\"elementor-widget-container\">\n\t\t\t\t\t<h2 class=\"elementor-heading-title elementor-size-default\"><a href=\"https:\/\/www.booking.com\/hotel\/es\/smartrental-madrid-gran-via-apartments.en.html?aid=1552140&#038;no_rooms=1&#038;group_adults=2\" target=\"_blank\" rel=\"nofollow noopener\">Smartr Madrid Gran Via Apartments\n<\/a><\/h2>\t\t\t\t<\/div>\n\t\t\t\t<\/div>\n\t\t\t\t<div class=\"elementor-element elementor-element-190ec074 elementor-widget elementor-widget-text-editor\" data-id=\"190ec074\" data-element_type=\"widget\" data-e-type=\"widget\" data-widget_type=\"text-editor.default\">\n\t\t\t\t<div class=\"elementor-widget-container\">\n\t\t\t\t\t\t\t\t\t<p class=\"\" data-start=\"94\" data-end=\"569\"><strong>Up to 6 guests<\/strong><\/p>\n<p> Elevator | Spacious and well-designed apartments | 2\u20133 bedrooms | Up to 3 bathrooms | Air conditioning | Heating | Free Wi-Fi | Fully equipped kitchenette with dishwasher, washing machine and coffee machine | Balcony (some apartments) with garden furniture and swing | Dining area | Flat-screen TV | Free toiletries | Airport shuttle (surcharge) | Breakfast available | Tourist information desk | Lively and central <strong data-start=\"443\" data-end=\"469\">Universidad \/ Malasa\u00f1a<\/strong> neighborhood | 350 meters from Bilbao Metro Station | 9 minutes&#8217; walk from Gran V\u00eda | Location rating: 9.3 among families<\/p>\n<p class=\"\" data-start=\"571\" data-end=\"613\">\n\t\t\t\t\t\t\t\t<\/div>\n\t\t\t\t<\/div>\n\t\t\t\t<div class=\"elementor-element elementor-element-11cd39a elementor-widget elementor-widget-image\" data-id=\"11cd39a\" data-element_type=\"widget\" data-e-type=\"widget\" data-widget_type=\"image.default\">\n\t\t\t\t<div class=\"elementor-widget-container\">\n\t\t\t\t\t\t\t\t\t\t\t\t\t\t\t\t<a href=\"https:\/\/www.booking.com\/hotel\/es\/smartrental-madrid-gran-via-apartments.en.html?aid=1552140&#038;no_rooms=1&#038;group_adults=2\" target=\"_blank\" rel=\"nofollow noopener\">\n\t\t\t\t\t\t\t<img loading=\"lazy\" decoding=\"async\" width=\"1024\" height=\"684\" src=\"https:\/\/inbalcabiri.com\/wp-content\/uploads\/2025\/03\/410165488.jpg\" class=\"attachment-large size-large wp-image-32042\" alt=\"Smartr Madrid Gran Via Apartments\" srcset=\"https:\/\/inbalcabiri.com\/wp-content\/uploads\/2025\/03\/410165488.jpg 1024w, https:\/\/inbalcabiri.com\/wp-content\/uploads\/2025\/03\/410165488-300x200.jpg 300w, https:\/\/inbalcabiri.com\/wp-content\/uploads\/2025\/03\/410165488-768x513.jpg 768w, https:\/\/inbalcabiri.com\/wp-content\/uploads\/2025\/03\/410165488-600x401.jpg 600w\" sizes=\"(max-width: 1024px) 100vw, 1024px\" title=\"\">\t\t\t\t\t\t\t\t<\/a>\n\t\t\t\t\t\t\t\t\t\t\t\t\t\t\t<\/div>\n\t\t\t\t<\/div>\n\t\t\t\t<div class=\"elementor-element elementor-element-348d8892 elementor-align-center elementor-widget elementor-widget-button\" data-id=\"348d8892\" data-element_type=\"widget\" data-e-type=\"widget\" data-widget_type=\"button.default\">\n\t\t\t\t<div class=\"elementor-widget-container\">\n\t\t\t\t\t\t\t\t\t<div class=\"elementor-button-wrapper\">\n\t\t\t\t\t<a class=\"elementor-button elementor-button-link elementor-size-sm\" href=\"https:\/\/www.booking.com\/hotel\/es\/smartrental-madrid-gran-via-apartments.en.html?aid=1552140&#038;no_rooms=1&#038;group_adults=2\" target=\"_blank\" rel=\"nofollow noopener\">\n\t\t\t\t\t\t<span class=\"elementor-button-content-wrapper\">\n\t\t\t\t\t\t\t\t\t<span class=\"elementor-button-text\">All the details are here<\/span>\n\t\t\t\t\t<\/span>\n\t\t\t\t\t<\/a>\n\t\t\t\t<\/div>\n\t\t\t\t\t\t\t\t<\/div>\n\t\t\t\t<\/div>\n\t\t\t\t<div class=\"elementor-element elementor-element-2fc6673f elementor-widget-divider--view-line elementor-widget elementor-widget-divider\" data-id=\"2fc6673f\" data-element_type=\"widget\" data-e-type=\"widget\" data-widget_type=\"divider.default\">\n\t\t\t\t<div class=\"elementor-widget-container\">\n\t\t\t\t\t\t\t<div class=\"elementor-divider\">\n\t\t\t<span class=\"elementor-divider-separator\">\n\t\t\t\t\t\t<\/span>\n\t\t<\/div>\n\t\t\t\t\t\t<\/div>\n\t\t\t\t<\/div>\n\t\t\t\t\t<\/div>\n\t\t<\/div>\n\t\t\t\t\t<\/div>\n\t\t<\/section>\n\t\t\t\t<section class=\"elementor-section elementor-top-section elementor-element elementor-element-52086c7b elementor-section-boxed elementor-section-height-default elementor-section-height-default\" data-id=\"52086c7b\" data-element_type=\"section\" data-e-type=\"section\" data-settings=\"{&quot;jet_parallax_layout_list&quot;:[]}\">\n\t\t\t\t\t\t<div class=\"elementor-container elementor-column-gap-default\">\n\t\t\t\t\t<div class=\"elementor-column elementor-col-100 elementor-top-column elementor-element elementor-element-5551c938\" data-id=\"5551c938\" data-element_type=\"column\" data-e-type=\"column\">\n\t\t\t<div class=\"elementor-widget-wrap elementor-element-populated\">\n\t\t\t\t\t\t<div class=\"elementor-element elementor-element-53235166 in elementor-widget elementor-widget-heading\" data-id=\"53235166\" data-element_type=\"widget\" data-e-type=\"widget\" data-widget_type=\"heading.default\">\n\t\t\t\t<div class=\"elementor-widget-container\">\n\t\t\t\t\t<h2 class=\"elementor-heading-title elementor-size-default\"><a href=\"https:\/\/www.booking.com\/hotel\/es\/mante-house-malasana-madrid.en.html?aid=1552140&#038;no_rooms=1&#038;group_adults=2\" target=\"_blank\" rel=\"nofollow noopener\">Mante House - Malasa\u00f1a Design\n<\/a><\/h2>\t\t\t\t<\/div>\n\t\t\t\t<\/div>\n\t\t\t\t<div class=\"elementor-element elementor-element-44a39e0b elementor-widget elementor-widget-text-editor\" data-id=\"44a39e0b\" data-element_type=\"widget\" data-e-type=\"widget\" data-widget_type=\"text-editor.default\">\n\t\t\t\t<div class=\"elementor-widget-container\">\n\t\t\t\t\t\t\t\t\t<p><strong>A variety of apartments, 4-9 guests<\/strong><\/p>\n<p class=\"\" data-start=\"90\" data-end=\"615\">Elevator | Apartments designed and furnished in a modern and artistic style | Air conditioning | Heating | Free Wi-Fi | Fully equipped kitchenette including dishwasher, microwave, toaster, kettle and coffee machine | Dining area | Spacious living room | Some apartments have a balcony or terrace with city views | Private bathroom (some apartments with 2 toilets) | Convenient and quiet entrance | Excellent location \u2013 300 m from Gran V\u00eda | 750 m from Bilbao metro station | Close to attractions such as the Thyssen Museum, the Royal Palace and the Prado Museum | The fashionable and central <strong data-start=\"531\" data-end=\"543\">Malasa\u00f1a<\/strong> neighborhood | Particularly suitable for families | Location rating: 9.5 among families<\/p>\n<p class=\"\" data-start=\"617\" data-end=\"702\">\n\t\t\t\t\t\t\t\t<\/div>\n\t\t\t\t<\/div>\n\t\t\t\t<div class=\"elementor-element elementor-element-bdb571e elementor-widget elementor-widget-image\" data-id=\"bdb571e\" data-element_type=\"widget\" data-e-type=\"widget\" data-widget_type=\"image.default\">\n\t\t\t\t<div class=\"elementor-widget-container\">\n\t\t\t\t\t\t\t\t\t\t\t\t\t\t\t\t<a href=\"https:\/\/www.booking.com\/hotel\/es\/mante-house-malasana-madrid.en.html?aid=1552140&#038;no_rooms=1&#038;group_adults=2\" target=\"_blank\" rel=\"nofollow noopener\">\n\t\t\t\t\t\t\t<img loading=\"lazy\" decoding=\"async\" width=\"1024\" height=\"683\" src=\"https:\/\/inbalcabiri.com\/wp-content\/uploads\/2025\/03\/319711322.jpg\" class=\"attachment-large size-large wp-image-32047\" alt=\"Mante House - Malasa\u00f1a Design\" srcset=\"https:\/\/inbalcabiri.com\/wp-content\/uploads\/2025\/03\/319711322.jpg 1024w, https:\/\/inbalcabiri.com\/wp-content\/uploads\/2025\/03\/319711322-300x200.jpg 300w, https:\/\/inbalcabiri.com\/wp-content\/uploads\/2025\/03\/319711322-768x512.jpg 768w, https:\/\/inbalcabiri.com\/wp-content\/uploads\/2025\/03\/319711322-600x400.jpg 600w\" sizes=\"(max-width: 1024px) 100vw, 1024px\" title=\"\">\t\t\t\t\t\t\t\t<\/a>\n\t\t\t\t\t\t\t\t\t\t\t\t\t\t\t<\/div>\n\t\t\t\t<\/div>\n\t\t\t\t<div class=\"elementor-element elementor-element-723798f3 elementor-widget-divider--view-line elementor-widget elementor-widget-divider\" data-id=\"723798f3\" data-element_type=\"widget\" data-e-type=\"widget\" data-widget_type=\"divider.default\">\n\t\t\t\t<div class=\"elementor-widget-container\">\n\t\t\t\t\t\t\t<div class=\"elementor-divider\">\n\t\t\t<span class=\"elementor-divider-separator\">\n\t\t\t\t\t\t<\/span>\n\t\t<\/div>\n\t\t\t\t\t\t<\/div>\n\t\t\t\t<\/div>\n\t\t\t\t<div class=\"elementor-element elementor-element-3683efe7 elementor-align-center elementor-widget elementor-widget-button\" data-id=\"3683efe7\" data-element_type=\"widget\" data-e-type=\"widget\" data-widget_type=\"button.default\">\n\t\t\t\t<div class=\"elementor-widget-container\">\n\t\t\t\t\t\t\t\t\t<div class=\"elementor-button-wrapper\">\n\t\t\t\t\t<a class=\"elementor-button elementor-button-link elementor-size-sm\" href=\"https:\/\/www.booking.com\/hotel\/es\/mante-house-malasana-madrid.en.html?aid=1552140&#038;no_rooms=1&#038;group_adults=2\" target=\"_blank\" rel=\"nofollow noopener\">\n\t\t\t\t\t\t<span class=\"elementor-button-content-wrapper\">\n\t\t\t\t\t\t\t\t\t<span class=\"elementor-button-text\">All the details are here<\/span>\n\t\t\t\t\t<\/span>\n\t\t\t\t\t<\/a>\n\t\t\t\t<\/div>\n\t\t\t\t\t\t\t\t<\/div>\n\t\t\t\t<\/div>\n\t\t\t\t\t<\/div>\n\t\t<\/div>\n\t\t\t\t\t<\/div>\n\t\t<\/section>\n\t\t\t\t<section class=\"elementor-section elementor-top-section elementor-element elementor-element-47aa5c9f elementor-section-boxed elementor-section-height-default elementor-section-height-default\" data-id=\"47aa5c9f\" data-element_type=\"section\" data-e-type=\"section\" data-settings=\"{&quot;jet_parallax_layout_list&quot;:[]}\">\n\t\t\t\t\t\t<div class=\"elementor-container elementor-column-gap-default\">\n\t\t\t\t\t<div class=\"elementor-column elementor-col-100 elementor-top-column elementor-element elementor-element-4c677ee1\" data-id=\"4c677ee1\" data-element_type=\"column\" data-e-type=\"column\">\n\t\t\t<div class=\"elementor-widget-wrap elementor-element-populated\">\n\t\t\t\t\t\t<div class=\"elementor-element elementor-element-272fa48b in elementor-widget elementor-widget-heading\" data-id=\"272fa48b\" data-element_type=\"widget\" data-e-type=\"widget\" data-widget_type=\"heading.default\">\n\t\t\t\t<div class=\"elementor-widget-container\">\n\t\t\t\t\t<h2 class=\"elementor-heading-title elementor-size-default\"><a href=\"https:\/\/www.booking.com\/hotel\/es\/m-amp-f-malasana.en.html?aid=1552140&#038;no_rooms=1&#038;group_adults=2\" target=\"_blank\" rel=\"nofollow noopener\">M&amp;F MALASA\u00d1A\n<\/a><\/h2>\t\t\t\t<\/div>\n\t\t\t\t<\/div>\n\t\t\t\t<div class=\"elementor-element elementor-element-3f1457cf elementor-widget elementor-widget-text-editor\" data-id=\"3f1457cf\" data-element_type=\"widget\" data-e-type=\"widget\" data-widget_type=\"text-editor.default\">\n\t\t\t\t<div class=\"elementor-widget-container\">\n\t\t\t\t\t\t\t\t\t<p class=\"\" data-start=\"73\" data-end=\"553\"><strong>Up to 6 guests<\/strong><\/p>\n<p> Elevator | 100 m2 apartment | 2 bedrooms | 2 bathrooms with bidet | Sofa bed in the living room | Spacious dining area | Balcony | Fully equipped kitchenette with dishwasher, coffee machine and electric kettle | Washing machine | Air conditioning | Heating | Free Wi-Fi | Upper floor accessible by elevator | Entire apartment at guests&#8217; disposal | Excellent location 8 minutes&#8217; walk from Gran V\u00eda | 500 m from Bilbao Metro Station | Close to Thyssen Museum, Plaza Mayor and Prado Museum | Trendy, young and lively <strong data-start=\"484\" data-end=\"496\">Malasa\u00f1a<\/strong> neighborhood | Location rating: 9.9 among families<\/p>\n<p class=\"\" data-start=\"555\" data-end=\"634\">\n\t\t\t\t\t\t\t\t<\/div>\n\t\t\t\t<\/div>\n\t\t\t\t<div class=\"elementor-element elementor-element-8db2925 elementor-widget elementor-widget-image\" data-id=\"8db2925\" data-element_type=\"widget\" data-e-type=\"widget\" data-widget_type=\"image.default\">\n\t\t\t\t<div class=\"elementor-widget-container\">\n\t\t\t\t\t\t\t\t\t\t\t\t\t\t\t\t<a href=\"https:\/\/www.booking.com\/hotel\/es\/m-amp-f-malasana.en.html?aid=1552140&#038;no_rooms=1&#038;group_adults=2\" target=\"_blank\" rel=\"nofollow noopener\">\n\t\t\t\t\t\t\t<img loading=\"lazy\" decoding=\"async\" width=\"1024\" height=\"683\" src=\"https:\/\/inbalcabiri.com\/wp-content\/uploads\/2025\/03\/230493186-1024x683.jpg\" class=\"attachment-large size-large wp-image-32052\" alt=\"M&amp;F MALASA\u00d1A\" srcset=\"https:\/\/inbalcabiri.com\/wp-content\/uploads\/2025\/03\/230493186-1024x683.jpg 1024w, https:\/\/inbalcabiri.com\/wp-content\/uploads\/2025\/03\/230493186-300x200.jpg 300w, https:\/\/inbalcabiri.com\/wp-content\/uploads\/2025\/03\/230493186-768x512.jpg 768w, https:\/\/inbalcabiri.com\/wp-content\/uploads\/2025\/03\/230493186-600x400.jpg 600w, https:\/\/inbalcabiri.com\/wp-content\/uploads\/2025\/03\/230493186.jpg 1052w\" sizes=\"(max-width: 1024px) 100vw, 1024px\" title=\"\">\t\t\t\t\t\t\t\t<\/a>\n\t\t\t\t\t\t\t\t\t\t\t\t\t\t\t<\/div>\n\t\t\t\t<\/div>\n\t\t\t\t<div class=\"elementor-element elementor-element-4c27b723 elementor-align-center elementor-widget elementor-widget-button\" data-id=\"4c27b723\" data-element_type=\"widget\" data-e-type=\"widget\" data-widget_type=\"button.default\">\n\t\t\t\t<div class=\"elementor-widget-container\">\n\t\t\t\t\t\t\t\t\t<div class=\"elementor-button-wrapper\">\n\t\t\t\t\t<a class=\"elementor-button elementor-button-link elementor-size-sm\" href=\"https:\/\/www.booking.com\/hotel\/es\/les-cabanes-de-l-39-oller.en.html?aid=1552140&#038;no_rooms=1&#038;group_adults=2\" target=\"_blank\" rel=\"noopener\">\n\t\t\t\t\t\t<span class=\"elementor-button-content-wrapper\">\n\t\t\t\t\t\t\t\t\t<span class=\"elementor-button-text\">All the details are here<\/span>\n\t\t\t\t\t<\/span>\n\t\t\t\t\t<\/a>\n\t\t\t\t<\/div>\n\t\t\t\t\t\t\t\t<\/div>\n\t\t\t\t<\/div>\n\t\t\t\t<div class=\"elementor-element elementor-element-537b019d elementor-widget-divider--view-line elementor-widget elementor-widget-divider\" data-id=\"537b019d\" data-element_type=\"widget\" data-e-type=\"widget\" data-widget_type=\"divider.default\">\n\t\t\t\t<div class=\"elementor-widget-container\">\n\t\t\t\t\t\t\t<div class=\"elementor-divider\">\n\t\t\t<span class=\"elementor-divider-separator\">\n\t\t\t\t\t\t<\/span>\n\t\t<\/div>\n\t\t\t\t\t\t<\/div>\n\t\t\t\t<\/div>\n\t\t\t\t\t<\/div>\n\t\t<\/div>\n\t\t\t\t\t<\/div>\n\t\t<\/section>\n\t\t\t\t<section class=\"elementor-section elementor-top-section elementor-element elementor-element-4dc29b05 elementor-hidden-desktop elementor-hidden-tablet elementor-hidden-mobile elementor-section-boxed elementor-section-height-default elementor-section-height-default\" data-id=\"4dc29b05\" data-element_type=\"section\" data-e-type=\"section\" data-settings=\"{&quot;jet_parallax_layout_list&quot;:[]}\">\n\t\t\t\t\t\t<div class=\"elementor-container elementor-column-gap-default\">\n\t\t\t\t\t<div class=\"elementor-column elementor-col-100 elementor-top-column elementor-element elementor-element-79c886ff\" data-id=\"79c886ff\" data-element_type=\"column\" data-e-type=\"column\">\n\t\t\t<div class=\"elementor-widget-wrap elementor-element-populated\">\n\t\t\t\t\t\t<div class=\"elementor-element elementor-element-1cd172d4 elementor-widget elementor-widget-spacer\" data-id=\"1cd172d4\" data-element_type=\"widget\" data-e-type=\"widget\" data-widget_type=\"spacer.default\">\n\t\t\t\t<div class=\"elementor-widget-container\">\n\t\t\t\t\t\t\t<div class=\"elementor-spacer\">\n\t\t\t<div class=\"elementor-spacer-inner\"><\/div>\n\t\t<\/div>\n\t\t\t\t\t\t<\/div>\n\t\t\t\t<\/div>\n\t\t\t\t\t<\/div>\n\t\t<\/div>\n\t\t\t\t\t<\/div>\n\t\t<\/section>\n\t\t\t\t<section class=\"elementor-section elementor-top-section elementor-element elementor-element-4141c16 elementor-section-boxed elementor-section-height-default elementor-section-height-default\" data-id=\"4141c16\" data-element_type=\"section\" data-e-type=\"section\" data-settings=\"{&quot;jet_parallax_layout_list&quot;:[]}\">\n\t\t\t\t\t\t<div class=\"elementor-container elementor-column-gap-default\">\n\t\t\t\t\t<div class=\"elementor-column elementor-col-100 elementor-top-column elementor-element elementor-element-6a3f8a8\" data-id=\"6a3f8a8\" data-element_type=\"column\" data-e-type=\"column\">\n\t\t\t<div class=\"elementor-widget-wrap elementor-element-populated\">\n\t\t\t\t\t\t<div class=\"elementor-element elementor-element-21f1ebd9 elementor-widget-divider--view-line elementor-widget elementor-widget-divider\" data-id=\"21f1ebd9\" data-element_type=\"widget\" data-e-type=\"widget\" data-widget_type=\"divider.default\">\n\t\t\t\t<div class=\"elementor-widget-container\">\n\t\t\t\t\t\t\t<div class=\"elementor-divider\">\n\t\t\t<span class=\"elementor-divider-separator\">\n\t\t\t\t\t\t<\/span>\n\t\t<\/div>\n\t\t\t\t\t\t<\/div>\n\t\t\t\t<\/div>\n\t\t\t\t\t<\/div>\n\t\t<\/div>\n\t\t\t\t\t<\/div>\n\t\t<\/section>\n\t\t\t\t<section class=\"elementor-section elementor-top-section elementor-element elementor-element-364d65c4 elementor-hidden-desktop elementor-hidden-tablet elementor-hidden-mobile elementor-section-boxed elementor-section-height-default elementor-section-height-default\" data-id=\"364d65c4\" data-element_type=\"section\" data-e-type=\"section\" data-settings=\"{&quot;jet_parallax_layout_list&quot;:[]}\">\n\t\t\t\t\t\t<div class=\"elementor-container elementor-column-gap-default\">\n\t\t\t\t\t<div class=\"elementor-column elementor-col-50 elementor-top-column elementor-element elementor-element-21403137\" data-id=\"21403137\" data-element_type=\"column\" data-e-type=\"column\">\n\t\t\t<div class=\"elementor-widget-wrap elementor-element-populated\">\n\t\t\t\t\t\t<div class=\"elementor-element elementor-element-64c1a9e elementor-widget elementor-widget-image\" data-id=\"64c1a9e\" data-element_type=\"widget\" data-e-type=\"widget\" data-widget_type=\"image.default\">\n\t\t\t\t<div class=\"elementor-widget-container\">\n\t\t\t\t\t\t\t\t\t\t\t\t\t\t\t\t<a href=\"https:\/\/www.facebook.com\/groups\/1177559779089614\" target=\"_blank\" rel=\"noopener\">\n\t\t\t\t\t\t\t<img loading=\"lazy\" decoding=\"async\" width=\"1024\" height=\"1024\" src=\"https:\/\/inbalcabiri.com\/wp-content\/uploads\/2020\/12\/Vicky-and-Cristina-Logo-1024x1024.png\" class=\"attachment-large size-large wp-image-13802\" alt=\"\u05dc\u05d5\u05d2\u05d5 \u05d5\u05d9\u05e7\u05d9 \u05d5\u05db\u05e8\u05d9\u05e1\u05d8\u05d9\u05e0\u05d4\" srcset=\"https:\/\/inbalcabiri.com\/wp-content\/uploads\/2020\/12\/Vicky-and-Cristina-Logo.png 1024w, https:\/\/inbalcabiri.com\/wp-content\/uploads\/2020\/12\/Vicky-and-Cristina-Logo-300x300.png 300w, https:\/\/inbalcabiri.com\/wp-content\/uploads\/2020\/12\/Vicky-and-Cristina-Logo-150x150.png 150w, https:\/\/inbalcabiri.com\/wp-content\/uploads\/2020\/12\/Vicky-and-Cristina-Logo-768x768.png 768w, https:\/\/inbalcabiri.com\/wp-content\/uploads\/2020\/12\/Vicky-and-Cristina-Logo-600x600.png 600w, https:\/\/inbalcabiri.com\/wp-content\/uploads\/2020\/12\/Vicky-and-Cristina-Logo-100x100.png 100w\" sizes=\"(max-width: 1024px) 100vw, 1024px\" title=\"\">\t\t\t\t\t\t\t\t<\/a>\n\t\t\t\t\t\t\t\t\t\t\t\t\t\t\t<\/div>\n\t\t\t\t<\/div>\n\t\t\t\t\t<\/div>\n\t\t<\/div>\n\t\t\t\t<div class=\"elementor-column elementor-col-50 elementor-top-column elementor-element elementor-element-334b2be1\" data-id=\"334b2be1\" data-element_type=\"column\" data-e-type=\"column\">\n\t\t\t<div class=\"elementor-widget-wrap elementor-element-populated\">\n\t\t\t\t\t\t<div class=\"elementor-element elementor-element-4c960ffb in elementor-widget elementor-widget-text-editor\" data-id=\"4c960ffb\" data-element_type=\"widget\" data-e-type=\"widget\" data-widget_type=\"text-editor.default\">\n\t\t\t\t<div class=\"elementor-widget-container\">\n\t\t\t\t\t\t\t\t\t<h2>Are you already part of the Vicky and Christina community of travelers &#8211; travelers in Spain?<\/h2>\n\t\t\t\t\t\t\t\t<\/div>\n\t\t\t\t<\/div>\n\t\t\t\t<div class=\"elementor-element elementor-element-79e99231 elementor-widget elementor-widget-text-editor\" data-id=\"79e99231\" data-element_type=\"widget\" data-e-type=\"widget\" data-widget_type=\"text-editor.default\">\n\t\t\t\t<div class=\"elementor-widget-container\">\n\t\t\t\t\t\t\t\t\t<p><b>A unique community where you have the opportunity to find the best places for food\/hiking\/art, from locals who live right there  <\/b><\/p>\n\t\t\t\t\t\t\t\t<\/div>\n\t\t\t\t<\/div>\n\t\t\t\t<div class=\"elementor-element elementor-element-a441530 elementor-align-center elementor-widget elementor-widget-button\" data-id=\"a441530\" data-element_type=\"widget\" data-e-type=\"widget\" data-widget_type=\"button.default\">\n\t\t\t\t<div class=\"elementor-widget-container\">\n\t\t\t\t\t\t\t\t\t<div class=\"elementor-button-wrapper\">\n\t\t\t\t\t<a class=\"elementor-button elementor-button-link elementor-size-sm\" href=\"https:\/\/www.facebook.com\/groups\/vickycristinahe\" target=\"_blank\" rel=\"noopener\">\n\t\t\t\t\t\t<span class=\"elementor-button-content-wrapper\">\n\t\t\t\t\t\t\t\t\t<span class=\"elementor-button-text\">Want to join?<\/span>\n\t\t\t\t\t<\/span>\n\t\t\t\t\t<\/a>\n\t\t\t\t<\/div>\n\t\t\t\t\t\t\t\t<\/div>\n\t\t\t\t<\/div>\n\t\t\t\t<div class=\"elementor-element elementor-element-44b4f4b elementor-widget elementor-widget-spacer\" data-id=\"44b4f4b\" data-element_type=\"widget\" data-e-type=\"widget\" data-widget_type=\"spacer.default\">\n\t\t\t\t<div class=\"elementor-widget-container\">\n\t\t\t\t\t\t\t<div class=\"elementor-spacer\">\n\t\t\t<div class=\"elementor-spacer-inner\"><\/div>\n\t\t<\/div>\n\t\t\t\t\t\t<\/div>\n\t\t\t\t<\/div>\n\t\t\t\t\t<\/div>\n\t\t<\/div>\n\t\t\t\t\t<\/div>\n\t\t<\/section>\n\t\t\t\t<\/div>\n\t\t","protected":false},"excerpt":{"rendered":"<p>Vacation Rentals in Madrid 3 Reasons to Rent a Vacation Apartment in Madrid 1. Live Like a LocalThere\u2019s something special about waking up to the rhythm of Madrid \u2014 the sound of shutters opening, someone calling out \u201c\u00a1buenos d\u00edas!\u201d from the corner grocery, the smell of fresh coffee drifting through the kitchen. Renting an apartment [&hellip;]<\/p>\n","protected":false},"author":2,"featured_media":32040,"comment_status":"open","ping_status":"open","sticky":false,"template":"","format":"standard","meta":{"_angie_page":false,"ocean_front_end_style_editor":"no","ocean_post_layout":"","ocean_both_sidebars_style":"","ocean_both_sidebars_content_width":0,"ocean_both_sidebars_sidebars_width":0,"ocean_sidebar":"0","ocean_second_sidebar":"0","ocean_disable_margins":"enable","ocean_add_body_class":"","ocean_shortcode_before_top_bar":"","ocean_shortcode_after_top_bar":"","ocean_shortcode_before_header":"","ocean_shortcode_after_header":"","ocean_has_shortcode":"","ocean_shortcode_after_title":"","ocean_shortcode_before_footer_widgets":"","ocean_shortcode_after_footer_widgets":"","ocean_shortcode_before_footer_bottom":"","ocean_shortcode_after_footer_bottom":"","ocean_display_top_bar":"default","ocean_display_header":"default","ocean_header_style":"","ocean_center_header_left_menu":"0","ocean_custom_header_template":"0","ocean_custom_logo":0,"ocean_custom_retina_logo":0,"ocean_custom_logo_max_width":0,"ocean_custom_logo_tablet_max_width":0,"ocean_custom_logo_mobile_max_width":0,"ocean_custom_logo_max_height":0,"ocean_custom_logo_tablet_max_height":0,"ocean_custom_logo_mobile_max_height":0,"ocean_header_custom_menu":"0","ocean_menu_typo_font_family":"0","ocean_menu_typo_font_subset":"","ocean_menu_typo_font_size":0,"ocean_menu_typo_font_size_tablet":0,"ocean_menu_typo_font_size_mobile":0,"ocean_menu_typo_font_size_unit":"px","ocean_menu_typo_font_weight":"","ocean_menu_typo_font_weight_tablet":"","ocean_menu_typo_font_weight_mobile":"","ocean_menu_typo_transform":"","ocean_menu_typo_transform_tablet":"","ocean_menu_typo_transform_mobile":"","ocean_menu_typo_line_height":0,"ocean_menu_typo_line_height_tablet":0,"ocean_menu_typo_line_height_mobile":0,"ocean_menu_typo_line_height_unit":"","ocean_menu_typo_spacing":0,"ocean_menu_typo_spacing_tablet":0,"ocean_menu_typo_spacing_mobile":0,"ocean_menu_typo_spacing_unit":"","ocean_menu_link_color":"","ocean_menu_link_color_hover":"","ocean_menu_link_color_active":"","ocean_menu_link_background":"","ocean_menu_link_hover_background":"","ocean_menu_link_active_background":"","ocean_menu_social_links_bg":"","ocean_menu_social_hover_links_bg":"","ocean_menu_social_links_color":"","ocean_menu_social_hover_links_color":"","ocean_disable_title":"default","ocean_disable_heading":"default","ocean_post_title":"","ocean_post_subheading":"","ocean_post_title_style":"","ocean_post_title_background_color":"","ocean_post_title_background":0,"ocean_post_title_bg_image_position":"","ocean_post_title_bg_image_attachment":"","ocean_post_title_bg_image_repeat":"","ocean_post_title_bg_image_size":"","ocean_post_title_height":0,"ocean_post_title_bg_overlay":0.5,"ocean_post_title_bg_overlay_color":"","ocean_disable_breadcrumbs":"default","ocean_breadcrumbs_color":"","ocean_breadcrumbs_separator_color":"","ocean_breadcrumbs_links_color":"","ocean_breadcrumbs_links_hover_color":"","ocean_display_footer_widgets":"default","ocean_display_footer_bottom":"default","ocean_custom_footer_template":"0","page_builder":"","ocean_post_oembed":"","ocean_post_self_hosted_media":"","ocean_post_video_embed":"","ocean_link_format":"","ocean_link_format_target":"self","ocean_quote_format":"","ocean_quote_format_link":"post","ocean_gallery_link_images":"on","ocean_gallery_id":[],"footnotes":""},"categories":[152,177],"tags":[154,156,178],"class_list":["post-32484","post","type-post","status-publish","format-standard","has-post-thumbnail","hentry","category-spain","category-madrid","tag-accommodation","tag-hotels-guide","tag-kids-friendly-en","entry","has-media"],"_links":{"self":[{"href":"https:\/\/inbalcabiri.com\/en\/wp-json\/wp\/v2\/posts\/32484","targetHints":{"allow":["GET"]}}],"collection":[{"href":"https:\/\/inbalcabiri.com\/en\/wp-json\/wp\/v2\/posts"}],"about":[{"href":"https:\/\/inbalcabiri.com\/en\/wp-json\/wp\/v2\/types\/post"}],"author":[{"embeddable":true,"href":"https:\/\/inbalcabiri.com\/en\/wp-json\/wp\/v2\/users\/2"}],"replies":[{"embeddable":true,"href":"https:\/\/inbalcabiri.com\/en\/wp-json\/wp\/v2\/comments?post=32484"}],"version-history":[{"count":1,"href":"https:\/\/inbalcabiri.com\/en\/wp-json\/wp\/v2\/posts\/32484\/revisions"}],"predecessor-version":[{"id":36853,"href":"https:\/\/inbalcabiri.com\/en\/wp-json\/wp\/v2\/posts\/32484\/revisions\/36853"}],"wp:featuredmedia":[{"embeddable":true,"href":"https:\/\/inbalcabiri.com\/en\/wp-json\/wp\/v2\/media\/32040"}],"wp:attachment":[{"href":"https:\/\/inbalcabiri.com\/en\/wp-json\/wp\/v2\/media?parent=32484"}],"wp:term":[{"taxonomy":"category","embeddable":true,"href":"https:\/\/inbalcabiri.com\/en\/wp-json\/wp\/v2\/categories?post=32484"},{"taxonomy":"post_tag","embeddable":true,"href":"https:\/\/inbalcabiri.com\/en\/wp-json\/wp\/v2\/tags?post=32484"}],"curies":[{"name":"wp","href":"https:\/\/api.w.org\/{rel}","templated":true}]}}